[{"@context":"https:\/\/schema.org\/","@type":"Blog","@id":"https:\/\/www.orbita.at#Blog","headline":"Orbita","description":"\nBrauchen Sie Rat oder Hilfe bei etwas, wissen Sie nicht, wie Sie damit umgehen sollen? Wenn ja, sind Sie auf der richtigen Seite. Hier finden Sie Ratschl\u00e4ge, die mehr als Gold sind.","url":"https:\/\/www.orbita.at","hasPart":[{"@type":"Article","@id":"https:\/\/www.orbita.at\/was-kostet-die-erste-klasse\/","headline":"Was kostet die erste Klasse?","url":"https:\/\/www.orbita.at\/was-kostet-die-erste-klasse\/","datePublished":"2023-05-17","dateModified":"2023-05-17","mainEntityOfPage":"https:\/\/www.orbita.at\/was-kostet-die-erste-klasse\/","author":{"@type":"Person","@id":"https:\/\/www.orbita.at\/author\/#Person","name":"","url":"https:\/\/www.orbita.at\/author\/","identifier":1,"image":{"@type":"ImageObject","@id":"https:\/\/secure.gravatar.com\/avatar\/2a487990a452554e9d027cbab96c6e6e6d3b119f22a2b3fb9e2bcb7e021cd643?s=96&d=mm&r=g","url":"https:\/\/secure.gravatar.com\/avatar\/2a487990a452554e9d027cbab96c6e6e6d3b119f22a2b3fb9e2bcb7e021cd643?s=96&d=mm&r=g","height":96,"width":96}},"publisher":{"@type":"Organization","name":"orbita.at","logo":{"@type":"ImageObject","@id":"\/logo.png","url":"\/logo.png","width":600,"height":60}},"image":{"@type":"ImageObject","@id":"https:\/\/www.orbita.at\/wp-content\/uploads\/img_a294111_w1986_t1506022992.jpg","url":"https:\/\/www.orbita.at\/wp-content\/uploads\/img_a294111_w1986_t1506022992.jpg","height":0,"width":0},"wordCount":711,"keywords":null},{"@type":"Article","@id":"https:\/\/www.orbita.at\/","headline":"","url":"https:\/\/www.orbita.at\/","datePublished":"2023-05-15","dateModified":"2023-05-15","mainEntityOfPage":"https:\/\/www.orbita.at\/","author":{"@type":"Person","@id":"https:\/\/www.orbita.at\/author\/#Person","name":"","url":"https:\/\/www.orbita.at\/author\/","identifier":1,"image":{"@type":"ImageObject","@id":"https:\/\/secure.gravatar.com\/avatar\/2a487990a452554e9d027cbab96c6e6e6d3b119f22a2b3fb9e2bcb7e021cd643?s=96&d=mm&r=g","url":"https:\/\/secure.gravatar.com\/avatar\/2a487990a452554e9d027cbab96c6e6e6d3b119f22a2b3fb9e2bcb7e021cd643?s=96&d=mm&r=g","height":96,"width":96}},"publisher":{"@type":"Organization","name":"orbita.at","logo":{"@type":"ImageObject","@id":"\/logo.png","url":"\/logo.png","width":600,"height":60}},"image":{"@type":"ImageObject","@id":"https:\/\/www.orbita.at\/wp-content\/uploads\/img_a348906_w2422_t1563700299.jpg","url":"https:\/\/www.orbita.at\/wp-content\/uploads\/img_a348906_w2422_t1563700299.jpg","height":0,"width":0},"wordCount":487,"keywords":null},{"@type":"Article","@id":"https:\/\/www.orbita.at\/wie-sie-ihr-portemonnaie-vor-dem-zahltag-fullen\/","headline":"Wie Sie Ihr Portemonnaie vor dem Zahltag f\u00fcllen","url":"https:\/\/www.orbita.at\/wie-sie-ihr-portemonnaie-vor-dem-zahltag-fullen\/","datePublished":"2023-05-08","dateModified":"2023-05-08","mainEntityOfPage":"https:\/\/www.orbita.at\/wie-sie-ihr-portemonnaie-vor-dem-zahltag-fullen\/","author":{"@type":"Person","@id":"https:\/\/www.orbita.at\/author\/#Person","name":"","url":"https:\/\/www.orbita.at\/author\/","identifier":1,"image":{"@type":"ImageObject","@id":"https:\/\/secure.gravatar.com\/avatar\/2a487990a452554e9d027cbab96c6e6e6d3b119f22a2b3fb9e2bcb7e021cd643?s=96&d=mm&r=g","url":"https:\/\/secure.gravatar.com\/avatar\/2a487990a452554e9d027cbab96c6e6e6d3b119f22a2b3fb9e2bcb7e021cd643?s=96&d=mm&r=g","height":96,"width":96}},"publisher":{"@type":"Organization","name":"orbita.at","logo":{"@type":"ImageObject","@id":"\/logo.png","url":"\/logo.png","width":600,"height":60}},"image":{"@type":"ImageObject","@id":"https:\/\/www.orbita.at\/wp-content\/uploads\/img_a323653_w2316_t1535395799.png","url":"https:\/\/www.orbita.at\/wp-content\/uploads\/img_a323653_w2316_t1535395799.png","height":0,"width":0},"wordCount":513,"keywords":null},{"@type":"Article","@id":"https:\/\/www.orbita.at\/genug-schwitzen-machen-sie-ein-funktionelles-antitranspirant-zu-hause\/","headline":"Genug schwitzen. Machen Sie ein funktionelles Antitranspirant zu Hause.","url":"https:\/\/www.orbita.at\/genug-schwitzen-machen-sie-ein-funktionelles-antitranspirant-zu-hause\/","datePublished":"2023-04-27","dateModified":"2023-04-27","mainEntityOfPage":"https:\/\/www.orbita.at\/genug-schwitzen-machen-sie-ein-funktionelles-antitranspirant-zu-hause\/","author":{"@type":"Person","@id":"https:\/\/www.orbita.at\/author\/#Person","name":"","url":"https:\/\/www.orbita.at\/author\/","identifier":1,"image":{"@type":"ImageObject","@id":"https:\/\/secure.gravatar.com\/avatar\/2a487990a452554e9d027cbab96c6e6e6d3b119f22a2b3fb9e2bcb7e021cd643?s=96&d=mm&r=g","url":"https:\/\/secure.gravatar.com\/avatar\/2a487990a452554e9d027cbab96c6e6e6d3b119f22a2b3fb9e2bcb7e021cd643?s=96&d=mm&r=g","height":96,"width":96}},"publisher":{"@type":"Organization","name":"orbita.at","logo":{"@type":"ImageObject","@id":"\/logo.png","url":"\/logo.png","width":600,"height":60}},"image":{"@type":"ImageObject","@id":"https:\/\/www.orbita.at\/wp-content\/uploads\/img_a316062_w1742_t1527018826.jpg","url":"https:\/\/www.orbita.at\/wp-content\/uploads\/img_a316062_w1742_t1527018826.jpg","height":0,"width":0},"wordCount":558,"keywords":null},{"@type":"Article","@id":"https:\/\/www.orbita.at\/mobiltelefone-als-geschenk\/","headline":"Mobiltelefone als Geschenk","url":"https:\/\/www.orbita.at\/mobiltelefone-als-geschenk\/","datePublished":"2023-04-23","dateModified":"2023-04-23","mainEntityOfPage":"https:\/\/www.orbita.at\/mobiltelefone-als-geschenk\/","author":{"@type":"Person","@id":"https:\/\/www.orbita.at\/author\/#Person","name":"","url":"https:\/\/www.orbita.at\/author\/","identifier":1,"image":{"@type":"ImageObject","@id":"https:\/\/secure.gravatar.com\/avatar\/2a487990a452554e9d027cbab96c6e6e6d3b119f22a2b3fb9e2bcb7e021cd643?s=96&d=mm&r=g","url":"https:\/\/secure.gravatar.com\/avatar\/2a487990a452554e9d027cbab96c6e6e6d3b119f22a2b3fb9e2bcb7e021cd643?s=96&d=mm&r=g","height":96,"width":96}},"publisher":{"@type":"Organization","name":"orbita.at","logo":{"@type":"ImageObject","@id":"\/logo.png","url":"\/logo.png","width":600,"height":60}},"image":{"@type":"ImageObject","@id":"https:\/\/www.orbita.at\/wp-content\/uploads\/mobil_3.JPG","url":"https:\/\/www.orbita.at\/wp-content\/uploads\/mobil_3.JPG","height":0,"width":0},"wordCount":405,"keywords":null},{"@type":"Article","@id":"https:\/\/www.orbita.at\/was-gibt-es-neues-bei-apple-und-was-steht-fur-2018-an\/","headline":"Was gibt es Neues bei Apple und was steht f\u00fcr 2018 an?","url":"https:\/\/www.orbita.at\/was-gibt-es-neues-bei-apple-und-was-steht-fur-2018-an\/","datePublished":"2023-04-13","dateModified":"2023-04-13","mainEntityOfPage":"https:\/\/www.orbita.at\/was-gibt-es-neues-bei-apple-und-was-steht-fur-2018-an\/","author":{"@type":"Person","@id":"https:\/\/www.orbita.at\/author\/#Person","name":"","url":"https:\/\/www.orbita.at\/author\/","identifier":1,"image":{"@type":"ImageObject","@id":"https:\/\/secure.gravatar.com\/avatar\/2a487990a452554e9d027cbab96c6e6e6d3b119f22a2b3fb9e2bcb7e021cd643?s=96&d=mm&r=g","url":"https:\/\/secure.gravatar.com\/avatar\/2a487990a452554e9d027cbab96c6e6e6d3b119f22a2b3fb9e2bcb7e021cd643?s=96&d=mm&r=g","height":96,"width":96}},"publisher":{"@type":"Organization","name":"orbita.at","logo":{"@type":"ImageObject","@id":"\/logo.png","url":"\/logo.png","width":600,"height":60}},"image":{"@type":"ImageObject","@id":"https:\/\/www.orbita.at\/wp-content\/uploads\/img_a302160_w1765_t1512064602.jpg","url":"https:\/\/www.orbita.at\/wp-content\/uploads\/img_a302160_w1765_t1512064602.jpg","height":0,"width":0},"wordCount":381,"keywords":null},{"@type":"Article","@id":"https:\/\/www.orbita.at\/es-ist-moglich-zu-arbeiten-auch-wenn-man-beim-arbeitsamt-gemeldet-ist\/","headline":"Es ist m\u00f6glich zu arbeiten, auch wenn man beim Arbeitsamt gemeldet ist","url":"https:\/\/www.orbita.at\/es-ist-moglich-zu-arbeiten-auch-wenn-man-beim-arbeitsamt-gemeldet-ist\/","datePublished":"2023-04-09","dateModified":"2023-04-09","mainEntityOfPage":"https:\/\/www.orbita.at\/es-ist-moglich-zu-arbeiten-auch-wenn-man-beim-arbeitsamt-gemeldet-ist\/","author":{"@type":"Person","@id":"https:\/\/www.orbita.at\/author\/#Person","name":"","url":"https:\/\/www.orbita.at\/author\/","identifier":1,"image":{"@type":"ImageObject","@id":"https:\/\/secure.gravatar.com\/avatar\/2a487990a452554e9d027cbab96c6e6e6d3b119f22a2b3fb9e2bcb7e021cd643?s=96&d=mm&r=g","url":"https:\/\/secure.gravatar.com\/avatar\/2a487990a452554e9d027cbab96c6e6e6d3b119f22a2b3fb9e2bcb7e021cd643?s=96&d=mm&r=g","height":96,"width":96}},"publisher":{"@type":"Organization","name":"orbita.at","logo":{"@type":"ImageObject","@id":"\/logo.png","url":"\/logo.png","width":600,"height":60}},"image":{"@type":"ImageObject","@id":"https:\/\/www.orbita.at\/wp-content\/uploads\/img_a310495_w2320_t1521450019.jpg","url":"https:\/\/www.orbita.at\/wp-content\/uploads\/img_a310495_w2320_t1521450019.jpg","height":0,"width":0},"wordCount":403,"keywords":null},{"@type":"Article","@id":"https:\/\/www.orbita.at\/nehmen-sie-ihre-kinder-nicht-mit-zur-schule\/","headline":"Nehmen Sie Ihre Kinder nicht mit zur Schule","url":"https:\/\/www.orbita.at\/nehmen-sie-ihre-kinder-nicht-mit-zur-schule\/","datePublished":"2023-04-06","dateModified":"2023-04-06","mainEntityOfPage":"https:\/\/www.orbita.at\/nehmen-sie-ihre-kinder-nicht-mit-zur-schule\/","author":{"@type":"Person","@id":"https:\/\/www.orbita.at\/author\/#Person","name":"","url":"https:\/\/www.orbita.at\/author\/","identifier":1,"image":{"@type":"ImageObject","@id":"https:\/\/secure.gravatar.com\/avatar\/2a487990a452554e9d027cbab96c6e6e6d3b119f22a2b3fb9e2bcb7e021cd643?s=96&d=mm&r=g","url":"https:\/\/secure.gravatar.com\/avatar\/2a487990a452554e9d027cbab96c6e6e6d3b119f22a2b3fb9e2bcb7e021cd643?s=96&d=mm&r=g","height":96,"width":96}},"publisher":{"@type":"Organization","name":"orbita.at","logo":{"@type":"ImageObject","@id":"\/logo.png","url":"\/logo.png","width":600,"height":60}},"image":null,"wordCount":30,"keywords":null},{"@type":"Article","@id":"https:\/\/www.orbita.at\/pokudelovek-potrebuje-wird-von-praci-na-telefonu-angeboten\/","headline":"Pokud\u011blov\u011bk pot\u0159ebuje wird von pr\u00e1ci na telefonu angeboten.","url":"https:\/\/www.orbita.at\/pokudelovek-potrebuje-wird-von-praci-na-telefonu-angeboten\/","datePublished":"2023-03-31","dateModified":"2023-03-31","mainEntityOfPage":"https:\/\/www.orbita.at\/pokudelovek-potrebuje-wird-von-praci-na-telefonu-angeboten\/","author":{"@type":"Person","@id":"https:\/\/www.orbita.at\/author\/#Person","name":"","url":"https:\/\/www.orbita.at\/author\/","identifier":1,"image":{"@type":"ImageObject","@id":"https:\/\/secure.gravatar.com\/avatar\/2a487990a452554e9d027cbab96c6e6e6d3b119f22a2b3fb9e2bcb7e021cd643?s=96&d=mm&r=g","url":"https:\/\/secure.gravatar.com\/avatar\/2a487990a452554e9d027cbab96c6e6e6d3b119f22a2b3fb9e2bcb7e021cd643?s=96&d=mm&r=g","height":96,"width":96}},"publisher":{"@type":"Organization","name":"orbita.at","logo":{"@type":"ImageObject","@id":"\/logo.png","url":"\/logo.png","width":600,"height":60}},"image":{"@type":"ImageObject","@id":"https:\/\/www.orbita.at\/wp-content\/uploads\/telef_10.JPG","url":"https:\/\/www.orbita.at\/wp-content\/uploads\/telef_10.JPG","height":0,"width":0},"wordCount":632,"keywords":null},{"@type":"Article","@id":"https:\/\/www.orbita.at\/bin-ich-lesbisch\/","headline":"Bin ich lesbisch?","url":"https:\/\/www.orbita.at\/bin-ich-lesbisch\/","datePublished":"2023-03-23","dateModified":"2023-03-23","mainEntityOfPage":"https:\/\/www.orbita.at\/bin-ich-lesbisch\/","author":{"@type":"Person","@id":"https:\/\/www.orbita.at\/author\/#Person","name":"","url":"https:\/\/www.orbita.at\/author\/","identifier":1,"image":{"@type":"ImageObject","@id":"https:\/\/secure.gravatar.com\/avatar\/2a487990a452554e9d027cbab96c6e6e6d3b119f22a2b3fb9e2bcb7e021cd643?s=96&d=mm&r=g","url":"https:\/\/secure.gravatar.com\/avatar\/2a487990a452554e9d027cbab96c6e6e6d3b119f22a2b3fb9e2bcb7e021cd643?s=96&d=mm&r=g","height":96,"width":96}},"publisher":{"@type":"Organization","name":"orbita.at","logo":{"@type":"ImageObject","@id":"\/logo.png","url":"\/logo.png","width":600,"height":60}},"image":{"@type":"ImageObject","@id":"https:\/\/www.orbita.at\/wp-content\/uploads\/lesba.jpg","url":"https:\/\/www.orbita.at\/wp-content\/uploads\/lesba.jpg","height":0,"width":0},"wordCount":480,"keywords":null}]},{"@context":"https:\/\/schema.org","@type":"WebSite","@id":"https:\/\/www.orbita.at\/#website","name":"Orbita","url":"https:\/\/www.orbita.at","potentialAction":{"@type":"SearchAction","target":"https:\/\/www.orbita.at\/?s={search_term_string}","query-input":"required name=search_term_string"}}]